{"id":248,"date":"2019-02-09T21:48:03","date_gmt":"2019-02-09T18:48:03","guid":{"rendered":"http:\/\/analiz.otoendeks.com\/?p=248"},"modified":"2019-02-09T21:48:03","modified_gmt":"2019-02-09T18:48:03","slug":"2019-ocak-ayi-ikinci-el-otomobil-fiyat-endeksi","status":"publish","type":"post","link":"https:\/\/otoendeks.com\/blog\/?p=248","title":{"rendered":"2019 Ocak Ay\u0131 \u0130kinci El Otomobil Fiyat Endeksi"},"content":{"rendered":"<p>2019 y\u0131l\u0131 Ocak ay\u0131 ikinci el otomobil fiyat endeksi 2018 Aral\u0131k ay\u0131na g\u00f6re\u00a0 %0.5 oran\u0131nda <span style=\"text-decoration: underline;\">azalarak<\/span> 109,48 oldu. 2019 y\u0131l\u0131na endeks d\u00fc\u015f\u00fc\u015fle ba\u015flam\u0131\u015f ve endekste art arda 3 ay d\u00fc\u015f\u00fc\u015f ya\u015fanm\u0131\u015f oldu. Bu oranla ikinci el ara\u00e7 fiyatlar\u0131 ge\u00e7en y\u0131l\u0131n ayn\u0131 ay\u0131na g\u00f6re %9 artt\u0131, son 3 ayda ise %2 oran\u0131nda azald\u0131.<\/p>\n<p>2019 Ocak ay\u0131nda hem benzinli ara\u00e7 fiyatlar\u0131 hem de dizel ara\u00e7 fiyatlar\u0131nda d\u00fc\u015f\u00fc\u015f ya\u015fand\u0131. Benzinli ara\u00e7 fiyatlar\u0131 %0.33 dizel ara\u00e7 fiyatlar\u0131 ise %0.59 azald\u0131.<\/p>\n<p>Endeksteki d\u00fc\u015f\u00fc\u015fe paralel olarak hem manuel hem de otomatik vites ara\u00e7 fiyatlar\u0131nda d\u00fc\u015f\u00fc\u015f ya\u015fand\u0131. Hem manuel hem de otomoatik vites ara\u00e7 fiyatlar\u0131 endekse paralel olarak %0.5 azald\u0131.<\/p>\n<p>T\u00fcm segmentlerde endekse paralel olarak d\u00fc\u015f\u00fc\u015f ger\u00e7ekle\u015fti. L\u00fcks segment ara\u00e7larda %1&#8217;a varan oranlarda fiyat azal\u0131\u015f\u0131 ger\u00e7ekle\u015fti.<\/p>\n","protected":false},"excerpt":{"rendered":"<p>2019 y\u0131l\u0131 Ocak ay\u0131 ikinci el otomobil fiyat endeksi 2018 Aral\u0131k ay\u0131na g\u00f6re\u00a0 %0.5 oran\u0131nda azalarak 109,48 oldu. 2019 y\u0131l\u0131na endeks d\u00fc\u015f\u00fc\u015fle ba\u015flam\u0131\u015f ve endekste art arda 3 ay d\u00fc\u015f\u00fc\u015f ya\u015fanm\u0131\u015f oldu. Bu oranla ikinci el ara\u00e7 fiyatlar\u0131 ge\u00e7en y\u0131l\u0131n ayn\u0131 ay\u0131na g\u00f6re %9 artt\u0131, son 3 ayda ise %2 oran\u0131nda azald\u0131. 2019 Ocak ay\u0131nda [&hellip;]<\/p>\n","protected":false},"author":1,"featured_media":0,"comment_status":"open","ping_status":"open","sticky":false,"template":"","format":"standard","meta":[],"categories":[2,49],"tags":[11,13],"_links":{"self":[{"href":"https:\/\/otoendeks.com\/blog\/index.php?rest_route=\/wp\/v2\/posts\/248"}],"collection":[{"href":"https:\/\/otoendeks.com\/blog\/index.php?rest_route=\/wp\/v2\/posts"}],"about":[{"href":"https:\/\/otoendeks.com\/blog\/index.php?rest_route=\/wp\/v2\/types\/post"}],"author":[{"embeddable":true,"href":"https:\/\/otoendeks.com\/blog\/index.php?rest_route=\/wp\/v2\/users\/1"}],"replies":[{"embeddable":true,"href":"https:\/\/otoendeks.com\/blog\/index.php?rest_route=%2Fwp%2Fv2%2Fcomments&post=248"}],"version-history":[{"count":0,"href":"https:\/\/otoendeks.com\/blog\/index.php?rest_route=\/wp\/v2\/posts\/248\/revisions"}],"wp:attachment":[{"href":"https:\/\/otoendeks.com\/blog\/index.php?rest_route=%2Fwp%2Fv2%2Fmedia&parent=248"}],"wp:term":[{"taxonomy":"category","embeddable":true,"href":"https:\/\/otoendeks.com\/blog\/index.php?rest_route=%2Fwp%2Fv2%2Fcategories&post=248"},{"taxonomy":"post_tag","embeddable":true,"href":"https:\/\/otoendeks.com\/blog\/index.php?rest_route=%2Fwp%2Fv2%2Ftags&post=248"}],"curies":[{"name":"wp","href":"https:\/\/api.w.org\/{rel}","templated":true}]}}