{"id":377,"date":"2021-04-11T23:38:39","date_gmt":"2021-04-11T20:38:39","guid":{"rendered":"http:\/\/analiz.otoendeks.com\/?p=377"},"modified":"2021-04-11T23:38:39","modified_gmt":"2021-04-11T20:38:39","slug":"2021-mart-ayi-ikinci-el-otomobil-fiyat-endeksi","status":"publish","type":"post","link":"https:\/\/otoendeks.com\/blog\/?p=377","title":{"rendered":"2021 Mart Ay\u0131 \u0130kinci El Otomobil Fiyat Endeksi"},"content":{"rendered":"<p>2021 y\u0131l\u0131 Mart ay\u0131 ikinci el otomobil fiyat endeksi 2021 \u015eubat ay\u0131na g\u00f6re %1.07 oran\u0131nda azalarak 223.20 oldu. Ocak, \u015fubat aylar\u0131ndan sonra mart ay\u0131nda da d\u00fc\u015f\u00fc\u015f s\u00fcrd\u00fc. Ge\u00e7en y\u0131l\u0131n \u015fubat ay\u0131na g\u00f6re ise %52.31 art\u0131\u015f g\u00f6sterdi.<\/p>\n<p>Hem benzinli hem dizel ara\u00e7 fiyatlar\u0131 endekse paralel olarak azal\u0131\u015f g\u00f6sterdi; s\u0131ras\u0131yla %1.16 ve %1.05 oran\u0131nda azalma ya\u015fand\u0131.<\/p>\n<p>Hem manuel hem de otomatik vites ara\u00e7 fiyatlar\u0131 s\u0131ras\u0131yla %0.66ve %1.5 oranlar\u0131nda azal\u0131\u015f g\u00f6sterdi.<\/p>\n<p>T\u00fcm segmentlerde endekse paralel olarak azal\u0131\u015f ger\u00e7ekle\u015fti. B,C,D segment ara\u00e7 fiyatlar\u0131 s\u0131ras\u0131yla %1.03, %1.14, %1.41 oranlar\u0131nda azald\u0131.<\/p>\n<p>&nbsp;<\/p>\n<p>Arac\u0131n\u0131z\u0131n g\u00fcncel otoendeks de\u011ferini \u00f6\u011frenmek i\u00e7in <a href=\"http:\/\/www.otoendeks.com\/\" rel=\"nofollow\">http:\/\/www.otoendeks.com\/<\/a> websitesini ziyaret edebilirsiniz.<\/p>\n","protected":false},"excerpt":{"rendered":"<p>2021 y\u0131l\u0131 Mart ay\u0131 ikinci el otomobil fiyat endeksi 2021 \u015eubat ay\u0131na g\u00f6re %1.07 oran\u0131nda azalarak 223.20 oldu. Ocak, \u015fubat aylar\u0131ndan sonra mart ay\u0131nda da d\u00fc\u015f\u00fc\u015f s\u00fcrd\u00fc. Ge\u00e7en y\u0131l\u0131n \u015fubat ay\u0131na g\u00f6re ise %52.31 art\u0131\u015f g\u00f6sterdi. Hem benzinli hem dizel ara\u00e7 fiyatlar\u0131 endekse paralel olarak azal\u0131\u015f g\u00f6sterdi; s\u0131ras\u0131yla %1.16 ve %1.05 oran\u0131nda azalma ya\u015fand\u0131. Hem [&hellip;]<\/p>\n","protected":false},"author":1,"featured_media":0,"comment_status":"open","ping_status":"open","sticky":false,"template":"","format":"standard","meta":[],"categories":[2],"tags":[],"_links":{"self":[{"href":"https:\/\/otoendeks.com\/blog\/index.php?rest_route=\/wp\/v2\/posts\/377"}],"collection":[{"href":"https:\/\/otoendeks.com\/blog\/index.php?rest_route=\/wp\/v2\/posts"}],"about":[{"href":"https:\/\/otoendeks.com\/blog\/index.php?rest_route=\/wp\/v2\/types\/post"}],"author":[{"embeddable":true,"href":"https:\/\/otoendeks.com\/blog\/index.php?rest_route=\/wp\/v2\/users\/1"}],"replies":[{"embeddable":true,"href":"https:\/\/otoendeks.com\/blog\/index.php?rest_route=%2Fwp%2Fv2%2Fcomments&post=377"}],"version-history":[{"count":0,"href":"https:\/\/otoendeks.com\/blog\/index.php?rest_route=\/wp\/v2\/posts\/377\/revisions"}],"wp:attachment":[{"href":"https:\/\/otoendeks.com\/blog\/index.php?rest_route=%2Fwp%2Fv2%2Fmedia&parent=377"}],"wp:term":[{"taxonomy":"category","embeddable":true,"href":"https:\/\/otoendeks.com\/blog\/index.php?rest_route=%2Fwp%2Fv2%2Fcategories&post=377"},{"taxonomy":"post_tag","embeddable":true,"href":"https:\/\/otoendeks.com\/blog\/index.php?rest_route=%2Fwp%2Fv2%2Ftags&post=377"}],"curies":[{"name":"wp","href":"https:\/\/api.w.org\/{rel}","templated":true}]}}