{"id":426,"date":"2021-09-22T23:24:07","date_gmt":"2021-09-22T20:24:07","guid":{"rendered":"http:\/\/analiz.otoendeks.com\/?p=426"},"modified":"2021-09-22T23:24:07","modified_gmt":"2021-09-22T20:24:07","slug":"2021-yilinin-ilk-6-ayinda-ikinci-el-araclarin-pazar-paylari","status":"publish","type":"post","link":"https:\/\/otoendeks.com\/blog\/?p=426","title":{"rendered":"2021 Y\u0131l\u0131n\u0131n \u0130lk 6 Ay\u0131nda \u0130kinci El Ara\u00e7lar\u0131n Pazar Paylar\u0131"},"content":{"rendered":"<p>2021 y\u0131l\u0131n\u0131n ilk alt\u0131 ay\u0131nda en \u00e7ok hangi ara\u00e7lar konu\u015fuldu, bunu \u00f6\u011frenmek i\u00e7in 2021 y\u0131l\u0131n\u0131n ilk yar\u0131s\u0131nda sat\u0131\u015fa \u00e7\u0131kar\u0131lan ara\u00e7lar\u0131n say\u0131lar\u0131n\u0131 sizin i\u00e7in ara\u015ft\u0131rd\u0131k.Binek otomobil kategorisinde 1 milyonun \u00fczerinde pazar verisi kullanarak olu\u015fturdu\u011fumuz 20 arac\u0131n pazar paylar\u0131n\u0131 a\u015fa\u011f\u0131daki pasta grafikte g\u00f6rebilirsiniz.<\/p>\n<p>\u0130kinci el ara\u00e7lar\u0131n sat\u0131\u015f y\u00fczdelerine bak\u0131ld\u0131\u011f\u0131nda birinci s\u0131ray\u0131 %15 ile Renault\u2019un ald\u0131\u011f\u0131 g\u00f6r\u00fcl\u00fcyor. En \u00e7ok tercih edilen Renault\u2019tan sonra pastadaki ikinci b\u00fcy\u00fck dilimi %14 ile Volkswagen al\u0131yor. A\u00e7\u0131k ara bir farktan sonra \u00fc\u00e7\u00fcnc\u00fc tercih edilen marka olarak %8 ile Opel\u2019i g\u00f6r\u00fcyoruz. Opel\u2019i %7 ile Fiat ve Ford izliyor. Bu ilk be\u015f marka Pazar pay\u0131n\u0131n %51\u2019ini i\u015fgal ediyorlar. L\u00fcks s\u0131n\u0131fta BMW ezeli rakibi olan Mercedes\u2019in bir puan \u00f6n\u00fcnde. Kore\u2019nin y\u00fckselen y\u0131ld\u0131z Hyundai\u2019nin %5 ile kendini g\u00f6steriyor. Kaybetti\u011fi y\u0131llara ra\u011fmen Tofa\u015f\u2019\u0131n %3 ile listede kendine yer buldu\u011fu g\u00f6r\u00fcl\u00fcyor.<\/p>\n","protected":false},"excerpt":{"rendered":"<p>2021 y\u0131l\u0131n\u0131n ilk alt\u0131 ay\u0131nda en \u00e7ok hangi ara\u00e7lar konu\u015fuldu, bunu \u00f6\u011frenmek i\u00e7in 2021 y\u0131l\u0131n\u0131n ilk yar\u0131s\u0131nda sat\u0131\u015fa \u00e7\u0131kar\u0131lan ara\u00e7lar\u0131n say\u0131lar\u0131n\u0131 sizin i\u00e7in ara\u015ft\u0131rd\u0131k.Binek otomobil kategorisinde 1 milyonun \u00fczerinde pazar verisi kullanarak olu\u015fturdu\u011fumuz 20 arac\u0131n pazar paylar\u0131n\u0131 a\u015fa\u011f\u0131daki pasta grafikte g\u00f6rebilirsiniz. \u0130kinci el ara\u00e7lar\u0131n sat\u0131\u015f y\u00fczdelerine bak\u0131ld\u0131\u011f\u0131nda birinci s\u0131ray\u0131 %15 ile Renault\u2019un ald\u0131\u011f\u0131 g\u00f6r\u00fcl\u00fcyor. En [&hellip;]<\/p>\n","protected":false},"author":1,"featured_media":0,"comment_status":"open","ping_status":"open","sticky":false,"template":"","format":"standard","meta":[],"categories":[2,49],"tags":[71,72],"_links":{"self":[{"href":"https:\/\/otoendeks.com\/blog\/index.php?rest_route=\/wp\/v2\/posts\/426"}],"collection":[{"href":"https:\/\/otoendeks.com\/blog\/index.php?rest_route=\/wp\/v2\/posts"}],"about":[{"href":"https:\/\/otoendeks.com\/blog\/index.php?rest_route=\/wp\/v2\/types\/post"}],"author":[{"embeddable":true,"href":"https:\/\/otoendeks.com\/blog\/index.php?rest_route=\/wp\/v2\/users\/1"}],"replies":[{"embeddable":true,"href":"https:\/\/otoendeks.com\/blog\/index.php?rest_route=%2Fwp%2Fv2%2Fcomments&post=426"}],"version-history":[{"count":0,"href":"https:\/\/otoendeks.com\/blog\/index.php?rest_route=\/wp\/v2\/posts\/426\/revisions"}],"wp:attachment":[{"href":"https:\/\/otoendeks.com\/blog\/index.php?rest_route=%2Fwp%2Fv2%2Fmedia&parent=426"}],"wp:term":[{"taxonomy":"category","embeddable":true,"href":"https:\/\/otoendeks.com\/blog\/index.php?rest_route=%2Fwp%2Fv2%2Fcategories&post=426"},{"taxonomy":"post_tag","embeddable":true,"href":"https:\/\/otoendeks.com\/blog\/index.php?rest_route=%2Fwp%2Fv2%2Ftags&post=426"}],"curies":[{"name":"wp","href":"https:\/\/api.w.org\/{rel}","templated":true}]}}