{"id":614,"date":"2023-01-22T01:39:09","date_gmt":"2023-01-21T22:39:09","guid":{"rendered":"https:\/\/otoendeks.com\/blog\/?p=614"},"modified":"2023-01-22T01:39:09","modified_gmt":"2023-01-21T22:39:09","slug":"2022-yilinin-ikinci-yarisinda-ikinci-el-opel-astranin-fiyati-nasil-degisti","status":"publish","type":"post","link":"https:\/\/otoendeks.com\/blog\/?p=614","title":{"rendered":"<strong>2022 Y\u0131l\u0131n\u0131n \u0130kinci Yar\u0131s\u0131nda \u0130kinci El Opel Astra\u2019n\u0131n Fiyat\u0131 Nas\u0131l De\u011fi\u015fti<\/strong>"},"content":{"rendered":"\n<p>Bu yaz\u0131 serimizde en \u00e7ok tercih edilen ara\u00e7lardan olan Opel Astra\u2019n\u0131n son 6 ayl\u0131k fiyat de\u011fi\u015fimini inceledik. 2018 model Otomatik-dizel, otomatik- benzinli, manuel-dizel, manuel benzinli se\u00e7eneklere sahip ara\u00e7lar\u0131n sat\u0131\u015f rakamlar\u0131n\u0131 inceledik ve birbiriyle kar\u015f\u0131la\u015ft\u0131rd\u0131k. Ayr\u0131ca otomatik-benzinli ara\u00e7lar\u0131n 2018, 19, 20 ve 2021 modellerinin sat\u0131\u015f fiyatlar\u0131n\u0131 inceledik. Ara\u00e7lar\u0131n sat\u0131\u015f fiyatlar\u0131 donan\u0131m ayr\u0131m\u0131na gidilmeden ortalama olarak hesaplanm\u0131\u015ft\u0131r.<\/p>\n\n\n\n<p>A\u015fa\u011f\u0131daki grafikte motor ve vites se\u00e7eneklerine g\u00f6re son 6 ay\u0131n fiyat de\u011fi\u015fimlerini g\u00f6r\u00fcyoruz. Fiyat art\u0131\u015f istikrar\u0131 a\u00e7\u0131s\u0131ndan en iyi se\u00e7ene\u011fin manuel-dizel se\u00e7enekte oldu\u011funu g\u00f6r\u00fcyoruz. Manuel-dizel Astra\u2019n\u0131n fiyat\u0131 6 ayda %16 oran\u0131nda artm\u0131\u015f. En az de\u011fer kazanan se\u00e7enek ise %7 ile Otomatik-dizel oluyor.<\/p>\n\n\n\n<figure class=\"wp-container-2 wp-block-gallery-1 wp-block-gallery has-nested-images columns-default is-cropped\">\n<figure class=\"wp-block-image size-large\"><img loading=\"lazy\" width=\"1024\" height=\"615\" data-id=\"615\"  src=\"https:\/\/otoendeks.com\/blog\/wp-content\/uploads\/2023\/01\/astra1a-1024x615.png\" alt=\"\" class=\"wp-image-615\" srcset=\"https:\/\/otoendeks.com\/blog\/wp-content\/uploads\/2023\/01\/astra1a-1024x615.png 1024w, https:\/\/otoendeks.com\/blog\/wp-content\/uploads\/2023\/01\/astra1a-300x180.png 300w, https:\/\/otoendeks.com\/blog\/wp-content\/uploads\/2023\/01\/astra1a-768x461.png 768w, https:\/\/otoendeks.com\/blog\/wp-content\/uploads\/2023\/01\/astra1a-1536x922.png 1536w, https:\/\/otoendeks.com\/blog\/wp-content\/uploads\/2023\/01\/astra1a.png 1649w\" sizes=\"(max-width: 1024px) 100vw, 1024px\" \/><\/figure>\n<\/figure>\n\n\n\n<figure class=\"wp-container-4 wp-block-gallery-3 wp-block-gallery has-nested-images columns-default is-cropped\">\n<figure class=\"wp-block-image size-large\"><img loading=\"lazy\" width=\"1024\" height=\"622\" data-id=\"616\"  src=\"https:\/\/otoendeks.com\/blog\/wp-content\/uploads\/2023\/01\/astra1b-1024x622.png\" alt=\"\" class=\"wp-image-616\" srcset=\"https:\/\/otoendeks.com\/blog\/wp-content\/uploads\/2023\/01\/astra1b-1024x622.png 1024w, https:\/\/otoendeks.com\/blog\/wp-content\/uploads\/2023\/01\/astra1b-300x182.png 300w, https:\/\/otoendeks.com\/blog\/wp-content\/uploads\/2023\/01\/astra1b-768x466.png 768w, https:\/\/otoendeks.com\/blog\/wp-content\/uploads\/2023\/01\/astra1b-1536x933.png 1536w, https:\/\/otoendeks.com\/blog\/wp-content\/uploads\/2023\/01\/astra1b.png 1650w\" sizes=\"(max-width: 1024px) 100vw, 1024px\" \/><\/figure>\n<\/figure>\n\n\n\n<p>Peki ka\u00e7 ya\u015f\u0131ndaki ara\u00e7 daha fazla de\u011fer kazanm\u0131\u015f? A\u015fa\u011f\u0131daki grafikleri inceleyecek olursak 2020 model Astra\u2019n\u0131n en iyi fiyat performans\u0131na sahip ara\u00e7 oldu\u011fu g\u00f6r\u00fcl\u00fcyor. 2020 model ara\u00e7lar\u0131n fiyat art\u0131\u015f oran\u0131 %12 dir. &nbsp;En k\u00f6t\u00fc fiyat performans\u0131 ise 2021 model Astra\u2019da oluyor. Astra 2022 y\u0131l\u0131nda kasa de\u011fi\u015fikli\u011fine gitmi\u015fti, bunun olu\u015fturdu\u011fu bask\u0131 nedeniyle 2021 modelin fiyat\u0131n\u0131n fazla y\u00fckselemedi\u011fi g\u00f6r\u00fcl\u00fcyor.<\/p>\n\n\n\n<p>Kas\u0131m ay\u0131na kadar Astra\u2019n\u0131n fiyatlar\u0131nda ciddi bir art\u0131\u015f olmuyor, aksine baz\u0131 ara\u00e7 tiplerinde fiyatlar\u0131n d\u00fc\u015ft\u00fc\u011f\u00fc g\u00f6r\u00fcl\u00fcyor. Kas\u0131m ay\u0131nda fiyattaki toparlanman\u0131n ard\u0131ndan aral\u0131k ay\u0131nda fiyatlar\u0131n daha da fazla oranda art\u0131\u011f\u0131 g\u00f6r\u00fcl\u00fcyor.<\/p>\n\n\n\n<figure class=\"wp-container-6 wp-block-gallery-5 wp-block-gallery has-nested-images columns-default is-cropped\">\n<figure class=\"wp-block-image size-large\"><img loading=\"lazy\" width=\"1024\" height=\"614\" data-id=\"617\"  src=\"https:\/\/otoendeks.com\/blog\/wp-content\/uploads\/2023\/01\/astra2a-1024x614.png\" alt=\"\" class=\"wp-image-617\" srcset=\"https:\/\/otoendeks.com\/blog\/wp-content\/uploads\/2023\/01\/astra2a-1024x614.png 1024w, https:\/\/otoendeks.com\/blog\/wp-content\/uploads\/2023\/01\/astra2a-300x180.png 300w, https:\/\/otoendeks.com\/blog\/wp-content\/uploads\/2023\/01\/astra2a-768x461.png 768w, https:\/\/otoendeks.com\/blog\/wp-content\/uploads\/2023\/01\/astra2a-1536x922.png 1536w, https:\/\/otoendeks.com\/blog\/wp-content\/uploads\/2023\/01\/astra2a.png 1650w\" sizes=\"(max-width: 1024px) 100vw, 1024px\" \/><\/figure>\n<\/figure>\n\n\n\n<figure class=\"wp-container-8 wp-block-gallery-7 wp-block-gallery has-nested-images columns-default is-cropped\">\n<figure class=\"wp-block-image size-large\"><img loading=\"lazy\" width=\"1024\" height=\"621\" data-id=\"618\"  src=\"https:\/\/otoendeks.com\/blog\/wp-content\/uploads\/2023\/01\/astra2b-1024x621.png\" alt=\"\" class=\"wp-image-618\" srcset=\"https:\/\/otoendeks.com\/blog\/wp-content\/uploads\/2023\/01\/astra2b-1024x621.png 1024w, https:\/\/otoendeks.com\/blog\/wp-content\/uploads\/2023\/01\/astra2b-300x182.png 300w, https:\/\/otoendeks.com\/blog\/wp-content\/uploads\/2023\/01\/astra2b-768x466.png 768w, https:\/\/otoendeks.com\/blog\/wp-content\/uploads\/2023\/01\/astra2b-1536x931.png 1536w, https:\/\/otoendeks.com\/blog\/wp-content\/uploads\/2023\/01\/astra2b.png 1651w\" sizes=\"(max-width: 1024px) 100vw, 1024px\" \/><\/figure>\n<\/figure>\n","protected":false},"excerpt":{"rendered":"<p>Bu yaz\u0131 serimizde en \u00e7ok tercih edilen ara\u00e7lardan olan Opel Astra\u2019n\u0131n son 6 ayl\u0131k fiyat de\u011fi\u015fimini inceledik. 2018 model Otomatik-dizel, otomatik- benzinli, manuel-dizel, manuel benzinli se\u00e7eneklere sahip ara\u00e7lar\u0131n sat\u0131\u015f rakamlar\u0131n\u0131 inceledik ve birbiriyle kar\u015f\u0131la\u015ft\u0131rd\u0131k. Ayr\u0131ca otomatik-benzinli ara\u00e7lar\u0131n 2018, 19, 20 ve 2021 modellerinin sat\u0131\u015f fiyatlar\u0131n\u0131 inceledik. Ara\u00e7lar\u0131n sat\u0131\u015f fiyatlar\u0131 donan\u0131m ayr\u0131m\u0131na gidilmeden ortalama olarak hesaplanm\u0131\u015ft\u0131r. [&hellip;]<\/p>\n","protected":false},"author":1,"featured_media":0,"comment_status":"open","ping_status":"open","sticky":false,"template":"","format":"standard","meta":[],"categories":[2],"tags":[12,16],"_links":{"self":[{"href":"https:\/\/otoendeks.com\/blog\/index.php?rest_route=\/wp\/v2\/posts\/614"}],"collection":[{"href":"https:\/\/otoendeks.com\/blog\/index.php?rest_route=\/wp\/v2\/posts"}],"about":[{"href":"https:\/\/otoendeks.com\/blog\/index.php?rest_route=\/wp\/v2\/types\/post"}],"author":[{"embeddable":true,"href":"https:\/\/otoendeks.com\/blog\/index.php?rest_route=\/wp\/v2\/users\/1"}],"replies":[{"embeddable":true,"href":"https:\/\/otoendeks.com\/blog\/index.php?rest_route=%2Fwp%2Fv2%2Fcomments&post=614"}],"version-history":[{"count":1,"href":"https:\/\/otoendeks.com\/blog\/index.php?rest_route=\/wp\/v2\/posts\/614\/revisions"}],"predecessor-version":[{"id":619,"href":"https:\/\/otoendeks.com\/blog\/index.php?rest_route=\/wp\/v2\/posts\/614\/revisions\/619"}],"wp:attachment":[{"href":"https:\/\/otoendeks.com\/blog\/index.php?rest_route=%2Fwp%2Fv2%2Fmedia&parent=614"}],"wp:term":[{"taxonomy":"category","embeddable":true,"href":"https:\/\/otoendeks.com\/blog\/index.php?rest_route=%2Fwp%2Fv2%2Fcategories&post=614"},{"taxonomy":"post_tag","embeddable":true,"href":"https:\/\/otoendeks.com\/blog\/index.php?rest_route=%2Fwp%2Fv2%2Ftags&post=614"}],"curies":[{"name":"wp","href":"https:\/\/api.w.org\/{rel}","templated":true}]}}